{"id":820,"date":"2021-07-16T17:53:41","date_gmt":"2021-07-16T15:53:41","guid":{"rendered":"https:\/\/weltladen-kressbronn.de\/?p=820"},"modified":"2021-09-08T14:48:53","modified_gmt":"2021-09-08T12:48:53","slug":"sommer-aktion-vom-05-07-17-07-2021","status":"publish","type":"post","link":"https:\/\/weltladen-kressbronn.de\/index.php\/2021\/07\/16\/sommer-aktion-vom-05-07-17-07-2021\/","title":{"rendered":"SIE ist da! &#8211; Die faire Kressbronner Schokolade"},"content":{"rendered":"<p style=\"text-align: center;\">Wir\u00a0 sind stolz darauf, Euch die erste<\/p>\n<p style=\"text-align: center;\"><strong>\u00a0100% Fair Trade Kressbronner Schokolade <\/strong><\/p>\n<p style=\"text-align: center;\">mit dem Gewinnerbild aus unserem Malwettbewerb<\/p>\n<p style=\"text-align: center;\">pr\u00e4sentieren zu k\u00f6nnen:<\/p>\n<p>&nbsp;<\/p>\n<p><img loading=\"lazy\" class=\"aligncenter size-full wp-image-832\" src=\"https:\/\/weltladen-kressbronn.de\/wp\/wp-content\/uploads\/2021\/07\/Kressbronner-Schokolade.jpg\" alt=\"\" width=\"1200\" height=\"1600\" srcset=\"https:\/\/weltladen-kressbronn.de\/wp\/wp-content\/uploads\/2021\/07\/Kressbronner-Schokolade.jpg 1200w, https:\/\/weltladen-kressbronn.de\/wp\/wp-content\/uploads\/2021\/07\/Kressbronner-Schokolade-225x300.jpg 225w, https:\/\/weltladen-kressbronn.de\/wp\/wp-content\/uploads\/2021\/07\/Kressbronner-Schokolade-768x1024.jpg 768w, https:\/\/weltladen-kressbronn.de\/wp\/wp-content\/uploads\/2021\/07\/Kressbronner-Schokolade-1152x1536.jpg 1152w, https:\/\/weltladen-kressbronn.de\/wp\/wp-content\/uploads\/2021\/07\/Kressbronner-Schokolade-18x24.jpg 18w, https:\/\/weltladen-kressbronn.de\/wp\/wp-content\/uploads\/2021\/07\/Kressbronner-Schokolade-27x36.jpg 27w, https:\/\/weltladen-kressbronn.de\/wp\/wp-content\/uploads\/2021\/07\/Kressbronner-Schokolade-36x48.jpg 36w\" sizes=\"(max-width: 1200px) 100vw, 1200px\" \/><\/p>\n<p style=\"text-align: center;\">Danke noch einmal an die zahlreichen K\u00fcnstler*innen,<\/p>\n<p style=\"text-align: center;\">die\u00a0 an unserem Mal-Wettbewerb teilgenommen haben<\/p>\n<p style=\"text-align: center;\">und auch an alle anderen,<\/p>\n<p style=\"text-align: center;\">die die weitere Produktgestaltung gemacht haben!<\/p>\n","protected":false},"excerpt":{"rendered":"<p>Wir\u00a0 sind stolz darauf, Euch die erste \u00a0100% Fair Trade Kressbronner Schokolade mit dem Gewinnerbild aus unserem Malwettbewerb pr\u00e4sentieren zu k\u00f6nnen: &nbsp; Danke noch einmal an die zahlreichen K\u00fcnstler*innen, die\u00a0 an unserem Mal-Wettbewerb teilgenommen haben und auch an alle anderen, die die weitere Produktgestaltung gemacht haben!<\/p>\n","protected":false},"author":2,"featured_media":833,"comment_status":"closed","ping_status":"closed","sticky":false,"template":"","format":"standard","meta":{"spay_email":""},"categories":[29,4],"tags":[],"cc_featured_image_caption":{"caption_text":"","source_text":"","source_url":""},"jetpack_featured_media_url":"https:\/\/weltladen-kressbronn.de\/wp\/wp-content\/uploads\/2021\/07\/Kressbronn-Fairnascht.gif","_links":{"self":[{"href":"https:\/\/weltladen-kressbronn.de\/index.php\/wp-json\/wp\/v2\/posts\/820"}],"collection":[{"href":"https:\/\/weltladen-kressbronn.de\/index.php\/wp-json\/wp\/v2\/posts"}],"about":[{"href":"https:\/\/weltladen-kressbronn.de\/index.php\/wp-json\/wp\/v2\/types\/post"}],"author":[{"embeddable":true,"href":"https:\/\/weltladen-kressbronn.de\/index.php\/wp-json\/wp\/v2\/users\/2"}],"replies":[{"embeddable":true,"href":"https:\/\/weltladen-kressbronn.de\/index.php\/wp-json\/wp\/v2\/comments?post=820"}],"version-history":[{"count":3,"href":"https:\/\/weltladen-kressbronn.de\/index.php\/wp-json\/wp\/v2\/posts\/820\/revisions"}],"predecessor-version":[{"id":834,"href":"https:\/\/weltladen-kressbronn.de\/index.php\/wp-json\/wp\/v2\/posts\/820\/revisions\/834"}],"wp:featuredmedia":[{"embeddable":true,"href":"https:\/\/weltladen-kressbronn.de\/index.php\/wp-json\/wp\/v2\/media\/833"}],"wp:attachment":[{"href":"https:\/\/weltladen-kressbronn.de\/index.php\/wp-json\/wp\/v2\/media?parent=820"}],"wp:term":[{"taxonomy":"category","embeddable":true,"href":"https:\/\/weltladen-kressbronn.de\/index.php\/wp-json\/wp\/v2\/categories?post=820"},{"taxonomy":"post_tag","embeddable":true,"href":"https:\/\/weltladen-kressbronn.de\/index.php\/wp-json\/wp\/v2\/tags?post=820"}],"curies":[{"name":"wp","href":"https:\/\/api.w.org\/{rel}","templated":true}]}}